{"id":1432,"date":"2011-07-02T12:49:26","date_gmt":"2011-07-02T10:49:26","guid":{"rendered":"https:\/\/www.gms-reisen.ch\/?p=1432"},"modified":"2022-01-25T09:58:28","modified_gmt":"2022-01-25T08:58:28","slug":"17-2012-grenzbrigade-4","status":"publish","type":"post","link":"https:\/\/www.gms-reisen.ch\/archiv\/reisen\/17-2012-grenzbrigade-4\/","title":{"rendered":"17-2012 Grenzbrigade 4"},"content":{"rendered":"<p>&nbsp;<\/p>\n<p>Nach 2009 begleitet Sie Eugen Hofmeister<br \/>\nerneut in den Raum der ehemaligen Grenzbrigade 4.<\/p>\n<p>Operativer Sperrverband im kalten Krieg und das Plateau von Gempen. Die Grenzbrigade\u00a0 hatte prim\u00e4r die Einfallsachsen von Norden durch ihren Raum in das zentrale Mittelland zu sperren. Als Besonderheit hatte sie den Schutz der Rheinh\u00e4fen, die Zerst\u00f6rung der Rhein\u00fcberg\u00e4nge sowie den Neutralit\u00e4tsschutz in der Stadt Basel sicherzustellen. Auf dem Gempenplateau gibt es zus\u00e4tzlich einige interessante Aspekte milit\u00e4rgeschichtlicher Art.<\/p>\n<p><em><!--more--><\/em><\/p>\n<p><strong>Programm<\/strong><\/p>\n<p>Abfahrt mit Bus ab Z\u00fcrich, Carparkplatz Sihlquai<\/p>\n<p>08.15\u00a0 Zustiegsm\u00f6glichkeit in Olten, Bahnhof<\/p>\n<p>Fahrt auf das Plateau von Gempen mit Einf\u00fchrung in die Lage. Bedeutung des Plateaus im zweiten Weltkrieg. Kaffeepause, anschliessend Fahrt zum Dreil\u00e4ndereck in Basel. Neutralit\u00e4tsschutzauftrag in Basel, Bedeutung der Rheinh\u00e4fen, Sprengung der Rhein\u00fcberg\u00e4nge. Verschiebung in den Raum Pratteln \u2013 Liestal. Abwehrkampf eines Panzerbataillons in diesem Raum<\/p>\n<p>13.00\u00a0 Mittagessen in Rheinfelden<\/p>\n<p>Kampf um die Rhein\u00fcberg\u00e4nge im Raum Rheinfelden \u2013 M\u00f6hlin. Zerst\u00f6rungsf\u00fchrung und Einsatz der Artillerie und Festungsminenwerfer. Verschiebung in den Raum Magden. Infanteristischer Kampf unter Einbezug von Permanenzen. Verschiebung in den Raum L\u00e4ufelfingen \u2013 Hauenstein.Infanteristischer Kampf um den Hauenstein. Anschliessend Zusammenfassung des Tages und R\u00fcckfahrt<\/p>\n<p>18.30\u00a0 ca. Ausstiegsm\u00f6glichkeit in Olten, Bahnhof<\/p>\n<p>19.30\u00a0 ca. Ankunft in Z\u00fcrich, Carparkplatz Sihlquai<\/p>\n<p>&nbsp;<\/p>\n<p><strong>Reiseleitung<\/strong><\/p>\n<p>Eugen Hofmeister, Division\u00e4r aD, Sempach<\/p>\n<p>&nbsp;<\/p>\n","protected":false},"excerpt":{"rendered":"<p>&nbsp; Nach 2009 begleitet Sie Eugen Hofmeister erneut in den Raum der ehemaligen Grenzbrigade 4. Operativer Sperrverband im kalten Krieg und das Plateau von Gempen. Die Grenzbrigade\u00a0 hatte prim\u00e4r die Einfallsachsen von Norden durch ihren Raum in das zentrale Mittelland zu sperren. Als Besonderheit hatte sie den Schutz der Rheinh\u00e4fen, die Zerst\u00f6rung der Rhein\u00fcberg\u00e4nge sowie [&hellip;]<\/p>\n","protected":false},"author":1,"featured_media":0,"comment_status":"closed","ping_status":"closed","sticky":false,"template":"","format":"standard","meta":{"footnotes":""},"categories":[272,49],"tags":[],"class_list":{"0":"post-1432","1":"post","2":"type-post","3":"status-publish","4":"format-standard","6":"category-gms-reisearchiv-2012","7":"category-reisen"},"_links":{"self":[{"href":"https:\/\/www.gms-reisen.ch\/archiv\/wp-json\/wp\/v2\/posts\/1432","targetHints":{"allow":["GET"]}}],"collection":[{"href":"https:\/\/www.gms-reisen.ch\/archiv\/wp-json\/wp\/v2\/posts"}],"about":[{"href":"https:\/\/www.gms-reisen.ch\/archiv\/wp-json\/wp\/v2\/types\/post"}],"author":[{"embeddable":true,"href":"https:\/\/www.gms-reisen.ch\/archiv\/wp-json\/wp\/v2\/users\/1"}],"replies":[{"embeddable":true,"href":"https:\/\/www.gms-reisen.ch\/archiv\/wp-json\/wp\/v2\/comments?post=1432"}],"version-history":[{"count":0,"href":"https:\/\/www.gms-reisen.ch\/archiv\/wp-json\/wp\/v2\/posts\/1432\/revisions"}],"wp:attachment":[{"href":"https:\/\/www.gms-reisen.ch\/archiv\/wp-json\/wp\/v2\/media?parent=1432"}],"wp:term":[{"taxonomy":"category","embeddable":true,"href":"https:\/\/www.gms-reisen.ch\/archiv\/wp-json\/wp\/v2\/categories?post=1432"},{"taxonomy":"post_tag","embeddable":true,"href":"https:\/\/www.gms-reisen.ch\/archiv\/wp-json\/wp\/v2\/tags?post=1432"}],"curies":[{"name":"wp","href":"https:\/\/api.w.org\/{rel}","templated":true}]}}