{"id":8349,"date":"2016-08-11T19:48:40","date_gmt":"2016-08-11T17:48:40","guid":{"rendered":"https:\/\/www.gms-reisen.ch\/?p=8349"},"modified":"2022-01-25T09:12:41","modified_gmt":"2022-01-25T08:12:41","slug":"22-2017-%c2%a6-luftwaffe-iii","status":"publish","type":"post","link":"https:\/\/www.gms-reisen.ch\/archiv\/reisen\/22-2017-%c2%a6-luftwaffe-iii\/","title":{"rendered":"22-2017 | Luftwaffe &#8211; Pilotenausbildung"},"content":{"rendered":"<p>&nbsp;<\/p>\n<h3><span style=\"color: #800000;\">Oberst (a D) Rudolf Wicki<\/span><\/h3>\n<h3><span style=\"color: #800000;\">Donnerstag 19. \u2013 Freitag, 20. Okt. 2017<\/span><\/h3>\n<h3><!--more--><\/h3>\n<h2><span style=\"color: #800000;\">Ausbildung der Milit\u00e4rpiloten<\/span><\/h2>\n<p>Seit der Gr\u00fcndung der Fliegertruppen anl\u00e4sslich der Mobilmachung im August 1914 war und blieb die Pilotenausbildung ein Dauerthema. Die st\u00e4ndigen technischen Fortschritte in der Fliegerei zwangen die Verantwortlichen, den Umfang und die Programme der Pilotenausbildung laufend anzupassen. Nach einer jahrzehntelangen Phase des \u00ablearning by doing\u00bb zwang die zunehmende Technisierung zu immer mehr systematisch-methodischem Vorgehen. Bis anfangs der 70er Jahre fand die Grundausbildung auf dem B\u00fccker Doppeldecker statt, obwohl die Kampfflugzeuge Venom, Hunter und Mirage schon im Einsatz standen. Ein eigentlicher Paradigmenwechsel in der Ausbildungssystematik fand 1982 mit der Einf\u00fchrung des Pilatus PC-7 statt.<\/p>\n<p>Die Beschaffung von Simulatoren f\u00fcr alle Flugzeuge und Helikopter war dann der endg\u00fcltige Durchbruch zu einer professionellen Pilotenausbildung. Parallel zur Beschaffung von zweckm\u00e4ssigem Flugmaterial erfolgte die validierte Systematisierung der Auswahl und Selektion der Pilotenanw\u00e4rter. Die n\u00e4chste grosse Anpassung des ganzen Syllabus ist auf 2017 vorgesehen.<\/p>\n<h3><span style=\"color: #800000;\">Programm<\/span><\/h3>\n<h4><span style=\"color: #800000;\">Donnerstag<\/span><\/h4>\n<p>0810 Uhr Fahrt mit Car ab Z\u00fcrich, Carparkplatz Sihlquai nach D\u00fcbendorf. Kaffee und Geb\u00e4ck im Fliegermuseum, anschliessend Einf\u00fchrung \u00fcber den Wandel der Pilotenausbildung im Laufe der Zeit. Besichtigung der Schulflugzeuge und Simulatoren. Mittagessen. Fahrt nach Alpnach, Ausf\u00fchrungen zur Ausbildung der Helipiloten und Besichtigung der heute eingesetzten Helikopter. Ap\u00e9ro und Abendessen in der Offiziersmesse des Milit\u00e4rflugplatzes \u00dcbernachtung*** in Locarno.<\/p>\n<h4><span style=\"color: #800000;\">Freitag<\/span><\/h4>\n<p>Transfer zum Flugplatz. Ausf\u00fchrungen zur heutigen und zuk\u00fcnftigen Pilotenausbildung. Besichtigung der heutigen Schulflugzeuge und deren Simulatoren, anschliessend Fahrt nach Ennetb\u00fcrgen. Mittagessen. Besuch des Milit\u00e4rflugplatzes Emmen. Besichtigung des PC-21, des Cougar-Simulators und der Debriefing-Einrichtungen. Erwartete Ankunft in Z\u00fcrich gegen 1830 Uhr.<\/p>\n<h3><span style=\"color: #800000;\">Bildergalerie<\/span><\/h3>\n<p>Von dieser Reise finden sich keine Fotos in unserem Archiv.<\/p>\n","protected":false},"excerpt":{"rendered":"<p>&nbsp; Oberst (a D) Rudolf Wicki Donnerstag 19. \u2013 Freitag, 20. Okt. 2017<\/p>\n","protected":false},"author":1,"featured_media":0,"comment_status":"closed","ping_status":"closed","sticky":false,"template":"","format":"standard","meta":{"footnotes":""},"categories":[267,49],"tags":[],"class_list":{"0":"post-8349","1":"post","2":"type-post","3":"status-publish","4":"format-standard","6":"category-gms-reisearchiv-2017","7":"category-reisen"},"_links":{"self":[{"href":"https:\/\/www.gms-reisen.ch\/archiv\/wp-json\/wp\/v2\/posts\/8349","targetHints":{"allow":["GET"]}}],"collection":[{"href":"https:\/\/www.gms-reisen.ch\/archiv\/wp-json\/wp\/v2\/posts"}],"about":[{"href":"https:\/\/www.gms-reisen.ch\/archiv\/wp-json\/wp\/v2\/types\/post"}],"author":[{"embeddable":true,"href":"https:\/\/www.gms-reisen.ch\/archiv\/wp-json\/wp\/v2\/users\/1"}],"replies":[{"embeddable":true,"href":"https:\/\/www.gms-reisen.ch\/archiv\/wp-json\/wp\/v2\/comments?post=8349"}],"version-history":[{"count":0,"href":"https:\/\/www.gms-reisen.ch\/archiv\/wp-json\/wp\/v2\/posts\/8349\/revisions"}],"wp:attachment":[{"href":"https:\/\/www.gms-reisen.ch\/archiv\/wp-json\/wp\/v2\/media?parent=8349"}],"wp:term":[{"taxonomy":"category","embeddable":true,"href":"https:\/\/www.gms-reisen.ch\/archiv\/wp-json\/wp\/v2\/categories?post=8349"},{"taxonomy":"post_tag","embeddable":true,"href":"https:\/\/www.gms-reisen.ch\/archiv\/wp-json\/wp\/v2\/tags?post=8349"}],"curies":[{"name":"wp","href":"https:\/\/api.w.org\/{rel}","templated":true}]}}